{"id":3448,"date":"2024-01-17T10:30:57","date_gmt":"2024-01-17T09:30:57","guid":{"rendered":"https:\/\/moebel-fundgrube.de\/ratgeber\/?p=3448"},"modified":"2024-02-12T10:34:15","modified_gmt":"2024-02-12T09:34:15","slug":"ein-klassiker-feiert-comeback-was-sie-ueber-cord-wohnlandschaften-wissen-muessen","status":"publish","type":"post","link":"https:\/\/moebel-fundgrube.de\/ratgeber\/ein-klassiker-feiert-comeback-was-sie-ueber-cord-wohnlandschaften-wissen-muessen\/","title":{"rendered":"Ein Klassiker feiert Comeback &#8211; Was Sie \u00fcber Cord Wohnlandschaften wissen m\u00fcssen"},"content":{"rendered":"\t\t<div data-elementor-type=\"wp-post\" data-elementor-id=\"3448\" class=\"elementor elementor-3448\" data-elementor-post-type=\"post\">\n\t\t\t\t\t\t<section class=\"elementor-section elementor-top-section elementor-element elementor-element-2668031 elementor-section-boxed elementor-section-height-default elementor-section-height-default\" data-id=\"2668031\" data-element_type=\"section\" data-e-type=\"section\" data-settings=\"{&quot;background_background&quot;:&quot;classic&quot;}\">\n\t\t\t\t\t\t<div class=\"elementor-container elementor-column-gap-default\">\n\t\t\t\t\t<div class=\"elementor-column elementor-col-100 elementor-top-column elementor-element elementor-element-351dd7d4\" data-id=\"351dd7d4\" data-element_type=\"column\" data-e-type=\"column\">\n\t\t\t<div class=\"elementor-widget-wrap elementor-element-populated\">\n\t\t\t\t\t\t<div class=\"elementor-element elementor-element-5fb9e057 elementor-widget elementor-widget-theme-post-featured-image elementor-widget-image\" data-id=\"5fb9e057\" data-element_type=\"widget\" data-e-type=\"widget\" data-widget_type=\"theme-post-featured-image.default\">\n\t\t\t\t<div class=\"elementor-widget-container\">\n\t\t\t\t\t\t\t\t\t\t\t\t\t\t\t<img fetchpriority=\"high\" decoding=\"async\" width=\"1120\" height=\"400\" src=\"https:\/\/moebel-fundgrube.de\/ratgeber\/wp-content\/uploads\/2024\/01\/Was-Sie-ueber-Cord-Wohnlandschaften-und-Sofas-wissen-muessen.png\" class=\"attachment-full size-full wp-image-3449\" alt=\"Ein Klassiker feiert Comeback - Was Sie \u00fcber Cord Wohnlandschaften und Sofas wissen m\u00fcssen\" srcset=\"https:\/\/moebel-fundgrube.de\/ratgeber\/wp-content\/uploads\/2024\/01\/Was-Sie-ueber-Cord-Wohnlandschaften-und-Sofas-wissen-muessen.png 1120w, https:\/\/moebel-fundgrube.de\/ratgeber\/wp-content\/uploads\/2024\/01\/Was-Sie-ueber-Cord-Wohnlandschaften-und-Sofas-wissen-muessen-300x107.png 300w, https:\/\/moebel-fundgrube.de\/ratgeber\/wp-content\/uploads\/2024\/01\/Was-Sie-ueber-Cord-Wohnlandschaften-und-Sofas-wissen-muessen-1024x366.png 1024w, https:\/\/moebel-fundgrube.de\/ratgeber\/wp-content\/uploads\/2024\/01\/Was-Sie-ueber-Cord-Wohnlandschaften-und-Sofas-wissen-muessen-768x274.png 768w\" sizes=\"(max-width: 1120px) 100vw, 1120px\" \/>\t\t\t\t\t\t\t\t\t\t\t\t\t\t\t<\/div>\n\t\t\t\t<\/div>\n\t\t\t\t\t<\/div>\n\t\t<\/div>\n\t\t\t\t\t<\/div>\n\t\t<\/section>\n\t\t\t\t<section class=\"elementor-section elementor-top-section elementor-element elementor-element-14a54225 elementor-section-boxed elementor-section-height-default elementor-section-height-default\" data-id=\"14a54225\" data-element_type=\"section\" data-e-type=\"section\" data-settings=\"{&quot;background_background&quot;:&quot;classic&quot;}\">\n\t\t\t\t\t\t<div class=\"elementor-container elementor-column-gap-default\">\n\t\t\t\t\t<div class=\"elementor-column elementor-col-100 elementor-top-column elementor-element elementor-element-5f50fb96\" data-id=\"5f50fb96\" data-element_type=\"column\" data-e-type=\"column\">\n\t\t\t<div class=\"elementor-widget-wrap elementor-element-populated\">\n\t\t\t\t\t\t<div class=\"elementor-element elementor-element-2282716b elementor-widget elementor-widget-global elementor-global-537 elementor-widget-theme-post-title\" data-id=\"2282716b\" data-element_type=\"widget\" data-e-type=\"widget\" data-widget_type=\"theme-post-title.default\">\n\t\t\t\t<div class=\"elementor-widget-container\">\n\t\t\t\t\t<h1 class=\"elementor-heading-title elementor-size-default\">Ein Klassiker feiert Comeback &#8211; Was Sie \u00fcber Cord Wohnlandschaften wissen m\u00fcssen<\/h1>\t\t\t\t<\/div>\n\t\t\t\t<\/div>\n\t\t\t\t<div class=\"elementor-element elementor-element-4fd5c6a6 elementor-widget elementor-widget-global elementor-global-540 elementor-widget-post-info\" data-id=\"4fd5c6a6\" data-element_type=\"widget\" data-e-type=\"widget\" data-widget_type=\"post-info.default\">\n\t\t\t\t<div class=\"elementor-widget-container\">\n\t\t\t\t\t\t\t<ul class=\"elementor-inline-items elementor-icon-list-items elementor-post-info\">\n\t\t\t\t\t\t\t\t<li class=\"elementor-icon-list-item elementor-repeater-item-51f8952 elementor-inline-item\" itemprop=\"datePublished\">\n\t\t\t\t\t\t<a href=\"https:\/\/moebel-fundgrube.de\/ratgeber\/2024\/01\/17\/\">\n\t\t\t\t\t\t\t\t\t\t\t<span class=\"elementor-icon-list-icon\">\n\t\t\t\t\t\t\t\t<i aria-hidden=\"true\" class=\"far fa-calendar-alt\"><\/i>\t\t\t\t\t\t\t<\/span>\n\t\t\t\t\t\t\t\t\t<span class=\"elementor-icon-list-text elementor-post-info__item elementor-post-info__item--type-date\">\n\t\t\t\t\t\t\t\t\t\t<time>Januar 17, 2024<\/time>\t\t\t\t\t<\/span>\n\t\t\t\t\t\t\t\t\t<\/a>\n\t\t\t\t<\/li>\n\t\t\t\t<\/ul>\n\t\t\t\t\t\t<\/div>\n\t\t\t\t<\/div>\n\t\t\t\t<div class=\"elementor-element elementor-element-2666d84a elementor-widget-divider--view-line elementor-widget elementor-widget-global elementor-global-543 elementor-widget-divider\" data-id=\"2666d84a\" data-element_type=\"widget\" data-e-type=\"widget\" data-widget_type=\"divider.default\">\n\t\t\t\t<div class=\"elementor-widget-container\">\n\t\t\t\t\t\t\t<div class=\"elementor-divider\">\n\t\t\t<span class=\"elementor-divider-separator\">\n\t\t\t\t\t\t<\/span>\n\t\t<\/div>\n\t\t\t\t\t\t<\/div>\n\t\t\t\t<\/div>\n\t\t\t\t<div class=\"elementor-element elementor-element-217a77fd elementor-widget elementor-widget-text-editor\" data-id=\"217a77fd\" data-element_type=\"widget\" data-e-type=\"widget\" data-widget_type=\"text-editor.default\">\n\t\t\t\t<div class=\"elementor-widget-container\">\n\t\t\t\t\t\t\t\t\t<p><span style=\"font-weight: 400;\">Egal ob bei Kleidung, Accessoires, Kissen oder Polsterm\u00f6beln \u2013 <\/span><b>Cord <\/b><span style=\"font-weight: 400;\">war und ist nie wirklich aus der Mode gekommen und wird seit Jahrzehnten auf vielfache Weise eingesetzt und verwendet. Cord verbinden viele Menschen automatisch mit <\/span><b>Gem\u00fctlichkeit<\/b><span style=\"font-weight: 400;\">, au\u00dferdem bringt das robuste Material diesen ganz besonderen <\/span><b>Retro-Charme<\/b> mit sich. Gerade im <a href=\"https:\/\/moebel-fundgrube.de\/wohnzimmer\/\"><b>Wohnzimmer <\/b><\/a>macht sich der gem\u00fctliche Stoff in Form eines Cord-Sofas sehr gut. Er strahlt W\u00e4rme und Geborgenheit aus und l\u00e4dt zum Verweilen ein. Erfahren Sie im Ratgeber Ihrer M\u00f6belfundgrube mehr \u00fcber Cord und was Sie beim Kauf eines Cord-Sofas oder einer Wohnlandschaft aus Cord beachten sollten.<\/p>\t\t\t\t\t\t\t\t<\/div>\n\t\t\t\t<\/div>\n\t\t\t\t<div class=\"elementor-element elementor-element-7b5301b4 elementor-toc--minimized-on-none elementor-widget elementor-widget-global elementor-global-531 elementor-widget-table-of-contents\" data-id=\"7b5301b4\" data-element_type=\"widget\" data-e-type=\"widget\" data-settings=\"{&quot;headings_by_tags&quot;:[&quot;h2&quot;,&quot;h4&quot;],&quot;exclude_headings_by_selector&quot;:[],&quot;minimized_on&quot;:&quot;none&quot;,&quot;marker_view&quot;:&quot;numbers&quot;,&quot;no_headings_message&quot;:&quot;Es wurden keine \\u00dcberschriften auf dieser Seite gefunden.&quot;,&quot;minimize_box&quot;:&quot;yes&quot;,&quot;hierarchical_view&quot;:&quot;yes&quot;,&quot;min_height&quot;:{&quot;unit&quot;:&quot;px&quot;,&quot;size&quot;:&quot;&quot;,&quot;sizes&quot;:[]},&quot;min_height_tablet&quot;:{&quot;unit&quot;:&quot;px&quot;,&quot;size&quot;:&quot;&quot;,&quot;sizes&quot;:[]},&quot;min_height_mobile&quot;:{&quot;unit&quot;:&quot;px&quot;,&quot;size&quot;:&quot;&quot;,&quot;sizes&quot;:[]}}\" data-widget_type=\"table-of-contents.default\">\n\t\t\t\t<div class=\"elementor-widget-container\">\n\t\t\t\t\t\t\t\t\t<div class=\"elementor-toc__header\">\n\t\t\t\t\t\t<h4 class=\"elementor-toc__header-title\">\n\t\t\t\tInhalt des Artikels\t\t\t<\/h4>\n\t\t\t\t\t\t\t\t\t\t<div class=\"elementor-toc__toggle-button elementor-toc__toggle-button--expand\" role=\"button\" tabindex=\"0\" aria-controls=\"elementor-toc__7b5301b4\" aria-expanded=\"true\" aria-label=\"Inhaltsverzeichnis \u00f6ffnen\"><\/div>\n\t\t\t\t<div class=\"elementor-toc__toggle-button elementor-toc__toggle-button--collapse\" role=\"button\" tabindex=\"0\" aria-controls=\"elementor-toc__7b5301b4\" aria-expanded=\"true\" aria-label=\"Inhaltsverzeichnis schlie\u00dfen\"><\/div>\n\t\t\t\t\t<\/div>\n\t\t\t\t<div id=\"elementor-toc__7b5301b4\" class=\"elementor-toc__body\">\n\t\t\t<div class=\"elementor-toc__spinner-container\">\n\t\t\t\t<i class=\"elementor-toc__spinner eicon-animation-spin eicon-loading\" aria-hidden=\"true\"><\/i>\t\t\t<\/div>\n\t\t<\/div>\n\t\t\t\t\t\t<\/div>\n\t\t\t\t<\/div>\n\t\t\t\t<div class=\"elementor-element elementor-element-3fd3c9e elementor-widget elementor-widget-heading\" data-id=\"3fd3c9e\" data-element_type=\"widget\" data-e-type=\"widget\" data-widget_type=\"heading.default\">\n\t\t\t\t<div class=\"elementor-widget-container\">\n\t\t\t\t\t<h2 class=\"elementor-heading-title elementor-size-default\">Sofas und Wohnlandschaften aus Cord - Echte Hingucker in Ihrem Wohnzimmer<\/h2>\t\t\t\t<\/div>\n\t\t\t\t<\/div>\n\t\t\t\t<div class=\"elementor-element elementor-element-2ae7ecc0 elementor-widget elementor-widget-text-editor\" data-id=\"2ae7ecc0\" data-element_type=\"widget\" data-e-type=\"widget\" data-widget_type=\"text-editor.default\">\n\t\t\t\t<div class=\"elementor-widget-container\">\n\t\t\t\t\t\t\t\t\t<p>Ein <a href=\"https:\/\/moebel-fundgrube.de\/cord-sofa\/\"><b>Cord Sofa<\/b><\/a> ist schon von Weitem ein Hingucker. Die gerippte Struktur des Materials ist nicht nur optisch ein Highlight, sondern sie macht den Cordstoff auch besonders <b>widerstandsf\u00e4hig und robust<\/b>. Cord ist obendrein W\u00e4rme speichernd und gleichzeitig dekorativ. Dadurch ist ein Sofa aus Cord nicht nur eine kuschelige Erg\u00e4nzung f\u00fcr Ihr Wohnzimmer, sondern ein wahres Multitalent, das viele besondere Eigenschaften mit sich bringt. Cord Sofas und Wohnlandschaften sind mehr als nur M\u00f6belst\u00fccke. Schon lange gelten sie als Klassiker unter den Sofas und Couches und werden von vielen Menschen ausgew\u00e4hlt, die Wert auf <b>zeitloses Design<\/b> legen, welches Stil und Komfort miteinander vereint<\/p>\t\t\t\t\t\t\t\t<\/div>\n\t\t\t\t<\/div>\n\t\t\t\t<div class=\"elementor-element elementor-element-4d1f107e elementor-widget elementor-widget-heading\" data-id=\"4d1f107e\" data-element_type=\"widget\" data-e-type=\"widget\" data-widget_type=\"heading.default\">\n\t\t\t\t<div class=\"elementor-widget-container\">\n\t\t\t\t\t<h2 class=\"elementor-heading-title elementor-size-default\">Was genau ist eigentlich Cord?<\/h2>\t\t\t\t<\/div>\n\t\t\t\t<\/div>\n\t\t\t\t<div class=\"elementor-element elementor-element-17816176 elementor-widget elementor-widget-text-editor\" data-id=\"17816176\" data-element_type=\"widget\" data-e-type=\"widget\" data-widget_type=\"text-editor.default\">\n\t\t\t\t<div class=\"elementor-widget-container\">\n\t\t\t\t\t\t\t\t\t<p><span style=\"font-weight: 400;\">Durch seine <\/span><b>gerippte Oberfl\u00e4che<\/b><span style=\"font-weight: 400;\"> und die Struktur des Materials, welche durch die Webart zustande kommt, ist Cord etwas ganz Besonderes. Es handelt sich bei Cord um einen gewebten Stoff, der zum Gro\u00dfteil aus <\/span><b>Baumwolle <\/b><span style=\"font-weight: 400;\">in Kombination mit einem kleinen Anteil Polyester hergestellt wird und zur Gruppe der Samtstoffe geh\u00f6rt. Stretchcord besteht aus Baumwolle mit Elastan. Dar\u00fcber hinaus gibt es etliche weitere Cord-Varianten, immer passend zum Anwendungsfall. Es kommt dabei ganz darauf an, ob es eher robust sein muss oder eher elegant aussehen und sich weich anf\u00fchlen soll. F\u00fcr den etwas festeren und dickeren Cordstoff mit seiner samtig schimmernden Oberfl\u00e4che ist die streifenartige Rippenstruktur charakteristisch, welche sich besonders <\/span><b>warm und weich<\/b><span style=\"font-weight: 400;\"> anf\u00fchlt.<\/span><\/p><p><span style=\"font-weight: 400;\">Urspr\u00fcnglich wurde Cord vor allem <\/span><b>in Manchester hergestellt<\/b><span style=\"font-weight: 400;\">, weshalb es auch unter diesem Namen bekannt ist. Dies liegt daran, dass der gerippte Stoff dort Ende des 18. Jahrhunderts seinen Ursprung fand. Weitere Bezeichnungen f\u00fcr Cord sind Schn\u00fcrlsamt, Schn\u00fcrdelsamt, Corduroy und Kord<\/span><\/p>\t\t\t\t\t\t\t\t<\/div>\n\t\t\t\t<\/div>\n\t\t\t\t<div class=\"elementor-element elementor-element-3f221bbb elementor-widget elementor-widget-heading\" data-id=\"3f221bbb\" data-element_type=\"widget\" data-e-type=\"widget\" data-widget_type=\"heading.default\">\n\t\t\t\t<div class=\"elementor-widget-container\">\n\t\t\t\t\t<h2 class=\"elementor-heading-title elementor-size-default\">Warum Sie sich f\u00fcr ein Cord-Sofa entscheiden sollten<\/h2>\t\t\t\t<\/div>\n\t\t\t\t<\/div>\n\t\t\t\t<div class=\"elementor-element elementor-element-613e6e30 elementor-widget elementor-widget-text-editor\" data-id=\"613e6e30\" data-element_type=\"widget\" data-e-type=\"widget\" data-widget_type=\"text-editor.default\">\n\t\t\t\t<div class=\"elementor-widget-container\">\n\t\t\t\t\t\t\t\t\t<p>Sofas und <a href=\"https:\/\/moebel-fundgrube.de\/wohnlandschaften\/\"><b>Wohnlandschaften <\/b><\/a>aus Cord wirken besonders schick und gem\u00fctlich. Der warme und weiche Cordstoff ist ideal f\u00fcr Polsterm\u00f6bel jeglicher Art und sorgt f\u00fcr einen perfekten Erholungsort. Cord Sofas gibt es in vielen unterschiedlichen Gr\u00f6\u00dfen, Formen und Farben, sodass f\u00fcr jeden Geschmack das passende M\u00f6belst\u00fcck dabei ist. Durch den eigenst\u00e4ndigen und interessanten Look von Cord fallen <a href=\"https:\/\/moebel-fundgrube.de\/sofas-couches\/\"><b>Sofas <\/b><\/a>und Wohnlandschaften aus diesem Material besonders ins Auge und bilden ein Highlight in Ihrem Wohnzimmer. Cord ist, im Vergleich zu k\u00fchler wirkendem Material aus Kunstleder oder Leder, ein Bezugsstoff, der sich warm anf\u00fchlt und gleichzeitig auch W\u00e4rme ausstrahlt. Aus diesem Grund sollten Sie ein Cord Sofa auf jeden Fall in Betracht ziehen, wenn Sie es gem\u00fctlich in Ihrem Zuhause m\u00f6gen. Daneben bringt es viele weitere vorteilhafte Eigenschaften mit sich.<\/p>\t\t\t\t\t\t\t\t<\/div>\n\t\t\t\t<\/div>\n\t\t\t\t<div class=\"elementor-element elementor-element-3055a34f elementor-widget elementor-widget-heading\" data-id=\"3055a34f\" data-element_type=\"widget\" data-e-type=\"widget\" data-widget_type=\"heading.default\">\n\t\t\t\t<div class=\"elementor-widget-container\">\n\t\t\t\t\t<h3 class=\"elementor-heading-title elementor-size-default\">Robustheit von Cord<\/h3>\t\t\t\t<\/div>\n\t\t\t\t<\/div>\n\t\t\t\t<div class=\"elementor-element elementor-element-66f2bfbf elementor-widget elementor-widget-text-editor\" data-id=\"66f2bfbf\" data-element_type=\"widget\" data-e-type=\"widget\" data-widget_type=\"text-editor.default\">\n\t\t\t\t<div class=\"elementor-widget-container\">\n\t\t\t\t\t\t\t\t\t<p><span style=\"font-weight: 400;\">Cord ist sehr<\/span><b> robust, rei\u00dffest und schmutzresistent <\/b><span style=\"font-weight: 400;\">und eignet sich deswegen f\u00fcr alle Haushalte. Insbesondere, wenn Kinder oder Haustiere bei Ihnen wohnen, kann die Robustheit des Cordstoffs ein entscheidendes Argument sein. <\/span><\/p>\t\t\t\t\t\t\t\t<\/div>\n\t\t\t\t<\/div>\n\t\t\t\t<div class=\"elementor-element elementor-element-1119eeb6 elementor-widget elementor-widget-heading\" data-id=\"1119eeb6\" data-element_type=\"widget\" data-e-type=\"widget\" data-widget_type=\"heading.default\">\n\t\t\t\t<div class=\"elementor-widget-container\">\n\t\t\t\t\t<h3 class=\"elementor-heading-title elementor-size-default\">Pflege von Cord<\/h3>\t\t\t\t<\/div>\n\t\t\t\t<\/div>\n\t\t\t\t<div class=\"elementor-element elementor-element-24b2e0cb elementor-widget elementor-widget-text-editor\" data-id=\"24b2e0cb\" data-element_type=\"widget\" data-e-type=\"widget\" data-widget_type=\"text-editor.default\">\n\t\t\t\t<div class=\"elementor-widget-container\">\n\t\t\t\t\t\t\t\t\t<p><span style=\"font-weight: 400;\">Cord-Sofas sind grunds\u00e4tzlich besonders <\/span><b>pflegeleicht <\/b><span style=\"font-weight: 400;\">und einfach zu reinigen. Dies ist, gerade, wenn Sie Kinder haben oder Haustierbesitzer sind, meist ein entscheidender Vorteil. Allerdings sollten Sie schnell reagieren und etwaige <\/span><b>Flecken nicht <\/b><span style=\"font-weight: 400;\">erst <\/span><b>eintrocknen <\/b><span style=\"font-weight: 400;\">lassen. Denn ansonsten zieht der Schmutz in das Gewebe ein und Sie bekommen den Fleck nicht mehr ganz so leicht heraus. Entdecken Sie einen Fleck auf Ihrem Cord-Sofa, reinigen Sie dieses am besten gleich mit einem <\/span><b>feuchten Tuch<\/b><span style=\"font-weight: 400;\">. Wischen Sie dabei von Naht zu Naht und vermeiden Sie starkes Reiben, da Sie dadurch die Struktur des Stoffes besch\u00e4digen k\u00f6nnten. Bei <\/span><b>hartn\u00e4ckigen Flecken <\/b><span style=\"font-weight: 400;\">auf dem Sofa k\u00f6nnen Sie zu diversen Hausmitteln oder <\/span><b>Polsterreinigern <\/b><span style=\"font-weight: 400;\">greifen. Testen Sie die Mittel jedoch davor an einer unauff\u00e4lligen Stelle. Grobe Verschmutzungen wie Sand oder Staub k\u00f6nnen Sie einfach mit einer B\u00fcrste mit weichen Borsten entfernen. L\u00e4sst sich der Sofabezug abnehmen, k\u00f6nnen Sie ihn sogar in der Waschmaschine reinigen.<\/span><\/p>\t\t\t\t\t\t\t\t<\/div>\n\t\t\t\t<\/div>\n\t\t\t\t<div class=\"elementor-element elementor-element-354a1df6 elementor-widget elementor-widget-heading\" data-id=\"354a1df6\" data-element_type=\"widget\" data-e-type=\"widget\" data-widget_type=\"heading.default\">\n\t\t\t\t<div class=\"elementor-widget-container\">\n\t\t\t\t\t<h2 class=\"elementor-heading-title elementor-size-default\">So integrieren Sie Ihr neues Cord Sofa perfekt in Ihr Zuhause<\/h2>\t\t\t\t<\/div>\n\t\t\t\t<\/div>\n\t\t\t\t<div class=\"elementor-element elementor-element-60c69e46 elementor-widget elementor-widget-text-editor\" data-id=\"60c69e46\" data-element_type=\"widget\" data-e-type=\"widget\" data-widget_type=\"text-editor.default\">\n\t\t\t\t<div class=\"elementor-widget-container\">\n\t\t\t\t\t\t\t\t\t<p><span style=\"font-weight: 400;\">Cord-Sofas und Wohnlandschaften lassen sich mit zahlreichen <\/span><b>Einrichtungsstilen kombinieren<\/b><span style=\"font-weight: 400;\">. Aus diesem Grund passen Sie in viele unterschiedliche Haushalte. Besonders gut zur Geltung kommt Cord an, wenn Sie den Look der <\/span><b>70er<\/b><span style=\"font-weight: 400;\"> in Ihr Zuhause bringen wollen. Dies funktioniert perfekt mit M\u00f6beln in <\/span>Farbt\u00f6nen <span style=\"font-weight: 400;\">wie Senfgelb, Rostrot oder einem warmen Braun. Auch Dunkelblau oder Dunkelgr\u00fcn sind passende Farben zu Cord. In Kombination mit weiteren M\u00f6beln aus Holz oder Rattan, ist der <\/span><b>Retro-Look<\/b><span style=\"font-weight: 400;\"> perfekt. Ebenfalls hervorragend lassen sich Sofas aus Cord in den <\/span><b>Boho-Stil <\/b><span style=\"font-weight: 400;\">integrieren. Gerade Cord-Sofas oder Wohnlandschaften in hellen <\/span><b>Naturt\u00f6nen<\/b><span style=\"font-weight: 400;\">, wie Beige oder Creme, passen wunderbar dazu und sorgen f\u00fcr einen stilvollen und zeitlosen Hingucker in Ihrem Wohnzimmer.<\/span><\/p>\t\t\t\t\t\t\t\t<\/div>\n\t\t\t\t<\/div>\n\t\t\t\t<div class=\"elementor-element elementor-element-260ea140 elementor-widget elementor-widget-heading\" data-id=\"260ea140\" data-element_type=\"widget\" data-e-type=\"widget\" data-widget_type=\"heading.default\">\n\t\t\t\t<div class=\"elementor-widget-container\">\n\t\t\t\t\t<h2 class=\"elementor-heading-title elementor-size-default\">So finden Sie das perfekte Cord-Sofa<\/h2>\t\t\t\t<\/div>\n\t\t\t\t<\/div>\n\t\t\t\t<div class=\"elementor-element elementor-element-78c8042b elementor-widget elementor-widget-text-editor\" data-id=\"78c8042b\" data-element_type=\"widget\" data-e-type=\"widget\" data-widget_type=\"text-editor.default\">\n\t\t\t\t<div class=\"elementor-widget-container\">\n\t\t\t\t\t\t\t\t\t<p><span style=\"font-weight: 400;\">Egal ob rustikal oder im Retro-Look, ob minimalistisch oder modern \u2013 mit einem Cord Sofa oder einer Wohnlandschaft treffen Sie immer eine gute Wahl. Das besondere Design, ihre Vielseitigkeit und die Langlebigkeit machen Sofas aus Cord zu einem zeitlosen M\u00f6belst\u00fcck. Entscheiden Sie zwischen <\/span><b>weicherem Feincord<\/b><span style=\"font-weight: 400;\"> oder <\/span><b>h\u00e4rterem Breitcord<\/b><span style=\"font-weight: 400;\"> und achten Sie darauf, dass die Optik Ihres Cord-Sofas zum Rest der Einrichtung passt. Indem Sie Ihr Cord-Sofa geschmackvoll in Ihre Vier W\u00e4nde integrieren und es dabei gut pflegen, werden Sie viele Jahre Freude an Ihrem M\u00f6belst\u00fcck haben.<\/span><\/p>\t\t\t\t\t\t\t\t<\/div>\n\t\t\t\t<\/div>\n\t\t\t\t\t<\/div>\n\t\t<\/div>\n\t\t\t\t\t<\/div>\n\t\t<\/section>\n\t\t\t\t<section class=\"elementor-section elementor-top-section elementor-element elementor-element-1a8ddd44 elementor-section-boxed elementor-section-height-default elementor-section-height-default\" data-id=\"1a8ddd44\" data-element_type=\"section\" data-e-type=\"section\" data-settings=\"{&quot;background_background&quot;:&quot;classic&quot;}\">\n\t\t\t\t\t\t<div class=\"elementor-container elementor-column-gap-default\">\n\t\t\t\t\t<div class=\"elementor-column elementor-col-100 elementor-top-column elementor-element elementor-element-3562748\" data-id=\"3562748\" data-element_type=\"column\" data-e-type=\"column\">\n\t\t\t<div class=\"elementor-widget-wrap elementor-element-populated\">\n\t\t\t\t\t\t<div class=\"elementor-element elementor-element-c3089d0 elementor-widget elementor-widget-text-editor\" data-id=\"c3089d0\" data-element_type=\"widget\" data-e-type=\"widget\" data-widget_type=\"text-editor.default\">\n\t\t\t\t<div class=\"elementor-widget-container\">\n\t\t\t\t\t\t\t\t\t<p>Bildnachweis: \u00a9 <a class=\"mui-19sk0fy-a-underline-inherit-linkContainer\" href=\"https:\/\/www.shutterstock.com\/de\/g\/Followtheflow\" target=\"_blank\" rel=\"noopener\">Followtheflow<\/a>\/Shutterstock.com<\/p>\t\t\t\t\t\t\t\t<\/div>\n\t\t\t\t<\/div>\n\t\t\t\t\t<\/div>\n\t\t<\/div>\n\t\t\t\t\t<\/div>\n\t\t<\/section>\n\t\t\t\t<section class=\"elementor-section elementor-top-section elementor-element elementor-element-75404506 elementor-section-full_width elementor-section-height-default elementor-section-height-default\" data-id=\"75404506\" data-element_type=\"section\" data-e-type=\"section\" data-settings=\"{&quot;background_background&quot;:&quot;classic&quot;}\">\n\t\t\t\t\t\t<div class=\"elementor-container elementor-column-gap-default\">\n\t\t\t\t\t<div class=\"elementor-column elementor-col-100 elementor-top-column elementor-element elementor-element-32b24b7e db-profitipp-width\" data-id=\"32b24b7e\" data-element_type=\"column\" data-e-type=\"column\">\n\t\t\t<div class=\"elementor-widget-wrap elementor-element-populated\">\n\t\t\t\t\t\t<section class=\"elementor-section elementor-inner-section elementor-element elementor-element-4d9707d5 elementor-section-boxed elementor-section-height-default elementor-section-height-default\" data-id=\"4d9707d5\" data-element_type=\"section\" data-e-type=\"section\">\n\t\t\t\t\t\t<div class=\"elementor-container elementor-column-gap-default\">\n\t\t\t\t\t<div class=\"elementor-column elementor-col-100 elementor-inner-column elementor-element elementor-element-7c0deb1a db-profitipp-inner\" data-id=\"7c0deb1a\" data-element_type=\"column\" data-e-type=\"column\" data-settings=\"{&quot;background_background&quot;:&quot;classic&quot;}\">\n\t\t\t<div class=\"elementor-widget-wrap elementor-element-populated\">\n\t\t\t\t\t\t<div class=\"elementor-element elementor-element-72b71ac elementor-widget elementor-widget-spacer\" data-id=\"72b71ac\" data-element_type=\"widget\" data-e-type=\"widget\" data-widget_type=\"spacer.default\">\n\t\t\t\t<div class=\"elementor-widget-container\">\n\t\t\t\t\t\t\t<div class=\"elementor-spacer\">\n\t\t\t<div class=\"elementor-spacer-inner\"><\/div>\n\t\t<\/div>\n\t\t\t\t\t\t<\/div>\n\t\t\t\t<\/div>\n\t\t\t\t<div class=\"elementor-element elementor-element-654404ff elementor-widget elementor-widget-heading\" data-id=\"654404ff\" data-element_type=\"widget\" data-e-type=\"widget\" data-widget_type=\"heading.default\">\n\t\t\t\t<div class=\"elementor-widget-container\">\n\t\t\t\t\t<h4 class=\"elementor-heading-title elementor-size-default\">Tipp vom Tief-Preis-Profi<\/h4>\t\t\t\t<\/div>\n\t\t\t\t<\/div>\n\t\t\t\t<div class=\"elementor-element elementor-element-1f5db7c8 elementor-widget elementor-widget-text-editor\" data-id=\"1f5db7c8\" data-element_type=\"widget\" data-e-type=\"widget\" data-widget_type=\"text-editor.default\">\n\t\t\t\t<div class=\"elementor-widget-container\">\n\t\t\t\t\t\t\t\t\t<p><span style=\"font-weight: 400;\">Sorgen Sie mit einem zeitlosen Sofa aus Cord f\u00fcr Gem\u00fctlichkeit und W\u00e4rme in Ihrem Wohnzimmer.<\/span><\/p>\t\t\t\t\t\t\t\t<\/div>\n\t\t\t\t<\/div>\n\t\t\t\t\t<\/div>\n\t\t<\/div>\n\t\t\t\t\t<\/div>\n\t\t<\/section>\n\t\t\t\t\t<\/div>\n\t\t<\/div>\n\t\t\t\t\t<\/div>\n\t\t<\/section>\n\t\t\t\t<\/div>\n\t\t","protected":false},"excerpt":{"rendered":"<p>Egal ob bei Kleidung, Accessoires, Kissen oder Polsterm\u00f6beln \u2013 Cord war und ist nie wirklich aus der Mode gekommen und wird seit Jahrzehnten auf vielfache Weise eingesetzt und verwendet. Cord verbinden viele Menschen automatisch mit Gem\u00fctlichkeit, au\u00dferdem bringt das robuste Material diesen ganz besonderen Retro-Charme mit sich. Gerade im Wohnzimmer macht sich der gem\u00fctliche Stoff [&hellip;]<\/p>\n","protected":false},"author":1,"featured_media":3449,"comment_status":"open","ping_status":"open","sticky":false,"template":"","format":"standard","meta":{"footnotes":""},"categories":[6,1],"tags":[],"class_list":["post-3448","post","type-post","status-publish","format-standard","has-post-thumbnail","hentry","category-stile-und-trends-uebersicht","category-wohnideen-uebersicht"],"_links":{"self":[{"href":"https:\/\/moebel-fundgrube.de\/ratgeber\/wp-json\/wp\/v2\/posts\/3448","targetHints":{"allow":["GET"]}}],"collection":[{"href":"https:\/\/moebel-fundgrube.de\/ratgeber\/wp-json\/wp\/v2\/posts"}],"about":[{"href":"https:\/\/moebel-fundgrube.de\/ratgeber\/wp-json\/wp\/v2\/types\/post"}],"author":[{"embeddable":true,"href":"https:\/\/moebel-fundgrube.de\/ratgeber\/wp-json\/wp\/v2\/users\/1"}],"replies":[{"embeddable":true,"href":"https:\/\/moebel-fundgrube.de\/ratgeber\/wp-json\/wp\/v2\/comments?post=3448"}],"version-history":[{"count":12,"href":"https:\/\/moebel-fundgrube.de\/ratgeber\/wp-json\/wp\/v2\/posts\/3448\/revisions"}],"predecessor-version":[{"id":3516,"href":"https:\/\/moebel-fundgrube.de\/ratgeber\/wp-json\/wp\/v2\/posts\/3448\/revisions\/3516"}],"wp:featuredmedia":[{"embeddable":true,"href":"https:\/\/moebel-fundgrube.de\/ratgeber\/wp-json\/wp\/v2\/media\/3449"}],"wp:attachment":[{"href":"https:\/\/moebel-fundgrube.de\/ratgeber\/wp-json\/wp\/v2\/media?parent=3448"}],"wp:term":[{"taxonomy":"category","embeddable":true,"href":"https:\/\/moebel-fundgrube.de\/ratgeber\/wp-json\/wp\/v2\/categories?post=3448"},{"taxonomy":"post_tag","embeddable":true,"href":"https:\/\/moebel-fundgrube.de\/ratgeber\/wp-json\/wp\/v2\/tags?post=3448"}],"curies":[{"name":"wp","href":"https:\/\/api.w.org\/{rel}","templated":true}]}}