{"id":4295,"date":"2025-01-29T10:30:45","date_gmt":"2025-01-29T09:30:45","guid":{"rendered":"https:\/\/moebel-fundgrube.de\/ratgeber\/?p=4295"},"modified":"2025-01-29T10:56:53","modified_gmt":"2025-01-29T09:56:53","slug":"wintergarten-gestalten-so-richten-sie-den-zusaetzlichen-wohnraum-aus-glas-ein","status":"publish","type":"post","link":"https:\/\/moebel-fundgrube.de\/ratgeber\/wintergarten-gestalten-so-richten-sie-den-zusaetzlichen-wohnraum-aus-glas-ein\/","title":{"rendered":"Wintergarten gestalten &#8211; So richten Sie den zus\u00e4tzlichen Wohnraum aus Glas ein"},"content":{"rendered":"\t\t<div data-elementor-type=\"wp-post\" data-elementor-id=\"4295\" class=\"elementor elementor-4295\" data-elementor-post-type=\"post\">\n\t\t\t\t\t\t<section class=\"elementor-section elementor-top-section elementor-element elementor-element-345e94b6 elementor-section-boxed elementor-section-height-default elementor-section-height-default\" data-id=\"345e94b6\" data-element_type=\"section\" data-e-type=\"section\" data-settings=\"{&quot;background_background&quot;:&quot;classic&quot;}\">\n\t\t\t\t\t\t<div class=\"elementor-container elementor-column-gap-default\">\n\t\t\t\t\t<div class=\"elementor-column elementor-col-100 elementor-top-column elementor-element elementor-element-7f349a4\" data-id=\"7f349a4\" data-element_type=\"column\" data-e-type=\"column\">\n\t\t\t<div class=\"elementor-widget-wrap elementor-element-populated\">\n\t\t\t\t\t\t<div class=\"elementor-element elementor-element-31ccbf7b elementor-widget elementor-widget-theme-post-featured-image elementor-widget-image\" data-id=\"31ccbf7b\" data-element_type=\"widget\" data-e-type=\"widget\" data-widget_type=\"theme-post-featured-image.default\">\n\t\t\t\t<div class=\"elementor-widget-container\">\n\t\t\t\t\t\t\t\t\t\t\t\t\t\t\t<img fetchpriority=\"high\" decoding=\"async\" width=\"1120\" height=\"400\" src=\"https:\/\/moebel-fundgrube.de\/ratgeber\/wp-content\/uploads\/2025\/01\/Wintergarten-gestalten-So-richten-Sie-den-zusaetzlichen-Wohnraum-aus-Glas-ein.jpg\" class=\"attachment-full size-full wp-image-4303\" alt=\"Wintergarten gestalten - So richten Sie den zus\u00e4tzlichen Wohnraum aus Glas ein\" srcset=\"https:\/\/moebel-fundgrube.de\/ratgeber\/wp-content\/uploads\/2025\/01\/Wintergarten-gestalten-So-richten-Sie-den-zusaetzlichen-Wohnraum-aus-Glas-ein.jpg 1120w, https:\/\/moebel-fundgrube.de\/ratgeber\/wp-content\/uploads\/2025\/01\/Wintergarten-gestalten-So-richten-Sie-den-zusaetzlichen-Wohnraum-aus-Glas-ein-300x107.jpg 300w, https:\/\/moebel-fundgrube.de\/ratgeber\/wp-content\/uploads\/2025\/01\/Wintergarten-gestalten-So-richten-Sie-den-zusaetzlichen-Wohnraum-aus-Glas-ein-1024x366.jpg 1024w, https:\/\/moebel-fundgrube.de\/ratgeber\/wp-content\/uploads\/2025\/01\/Wintergarten-gestalten-So-richten-Sie-den-zusaetzlichen-Wohnraum-aus-Glas-ein-768x274.jpg 768w\" sizes=\"(max-width: 1120px) 100vw, 1120px\" \/>\t\t\t\t\t\t\t\t\t\t\t\t\t\t\t<\/div>\n\t\t\t\t<\/div>\n\t\t\t\t\t<\/div>\n\t\t<\/div>\n\t\t\t\t\t<\/div>\n\t\t<\/section>\n\t\t\t\t<section class=\"elementor-section elementor-top-section elementor-element elementor-element-62ce611f elementor-section-boxed elementor-section-height-default elementor-section-height-default\" data-id=\"62ce611f\" data-element_type=\"section\" data-e-type=\"section\" data-settings=\"{&quot;background_background&quot;:&quot;classic&quot;}\">\n\t\t\t\t\t\t<div class=\"elementor-container elementor-column-gap-default\">\n\t\t\t\t\t<div class=\"elementor-column elementor-col-100 elementor-top-column elementor-element elementor-element-187680\" data-id=\"187680\" data-element_type=\"column\" data-e-type=\"column\">\n\t\t\t<div class=\"elementor-widget-wrap elementor-element-populated\">\n\t\t\t\t\t\t<div class=\"elementor-element elementor-element-39b5eed5 elementor-widget elementor-widget-global elementor-global-537 elementor-widget-theme-post-title\" data-id=\"39b5eed5\" data-element_type=\"widget\" data-e-type=\"widget\" data-widget_type=\"theme-post-title.default\">\n\t\t\t\t<div class=\"elementor-widget-container\">\n\t\t\t\t\t<h1 class=\"elementor-heading-title elementor-size-default\">Wintergarten gestalten &#8211; So richten Sie den zus\u00e4tzlichen Wohnraum aus Glas ein<\/h1>\t\t\t\t<\/div>\n\t\t\t\t<\/div>\n\t\t\t\t<div class=\"elementor-element elementor-element-63a7a14e elementor-widget elementor-widget-global elementor-global-540 elementor-widget-post-info\" data-id=\"63a7a14e\" data-element_type=\"widget\" data-e-type=\"widget\" data-widget_type=\"post-info.default\">\n\t\t\t\t<div class=\"elementor-widget-container\">\n\t\t\t\t\t\t\t<ul class=\"elementor-inline-items elementor-icon-list-items elementor-post-info\">\n\t\t\t\t\t\t\t\t<li class=\"elementor-icon-list-item elementor-repeater-item-51f8952 elementor-inline-item\" itemprop=\"datePublished\">\n\t\t\t\t\t\t<a href=\"https:\/\/moebel-fundgrube.de\/ratgeber\/2025\/01\/29\/\">\n\t\t\t\t\t\t\t\t\t\t\t<span class=\"elementor-icon-list-icon\">\n\t\t\t\t\t\t\t\t<i aria-hidden=\"true\" class=\"far fa-calendar-alt\"><\/i>\t\t\t\t\t\t\t<\/span>\n\t\t\t\t\t\t\t\t\t<span class=\"elementor-icon-list-text elementor-post-info__item elementor-post-info__item--type-date\">\n\t\t\t\t\t\t\t\t\t\t<time>Januar 29, 2025<\/time>\t\t\t\t\t<\/span>\n\t\t\t\t\t\t\t\t\t<\/a>\n\t\t\t\t<\/li>\n\t\t\t\t<\/ul>\n\t\t\t\t\t\t<\/div>\n\t\t\t\t<\/div>\n\t\t\t\t<div class=\"elementor-element elementor-element-449d4c01 elementor-widget-divider--view-line elementor-widget elementor-widget-global elementor-global-543 elementor-widget-divider\" data-id=\"449d4c01\" data-element_type=\"widget\" data-e-type=\"widget\" data-widget_type=\"divider.default\">\n\t\t\t\t<div class=\"elementor-widget-container\">\n\t\t\t\t\t\t\t<div class=\"elementor-divider\">\n\t\t\t<span class=\"elementor-divider-separator\">\n\t\t\t\t\t\t<\/span>\n\t\t<\/div>\n\t\t\t\t\t\t<\/div>\n\t\t\t\t<\/div>\n\t\t\t\t<div class=\"elementor-element elementor-element-56bf2d3 elementor-widget elementor-widget-text-editor\" data-id=\"56bf2d3\" data-element_type=\"widget\" data-e-type=\"widget\" data-widget_type=\"text-editor.default\">\n\t\t\t\t<div class=\"elementor-widget-container\">\n\t\t\t\t\t\t\t\t\t<p><span style=\"font-weight: 400;\">Ein <\/span><b>Wintergarten <\/b><span style=\"font-weight: 400;\">ist mehr als nur ein Anbau aus Glas am Haus, in dem Sie die Sonne ohne zu frieren auch in den kalten Monaten genie\u00dfen k\u00f6nnen. Er erweitert dar\u00fcber hinaus Ihren Wohnraum, sorgt f\u00fcr mehr Platz und schafft dabei eine Verbindung zur Natur. Die Gestaltung dieses lichtdurchfluteten Raums erfordert jedoch eine durchdachte Planung, damit Sie sich darin rundum wohlf\u00fchlen und die Fl\u00e4che sinnvoll nutzen k\u00f6nnen. Im Ratgeber Ihrer M\u00f6belfundgrube erfahren Sie, wie Sie Ihren <\/span><b>Wintergarten optimal einrichten und gestalten und dabei Funktionalit\u00e4t und \u00c4sthetik miteinander verbinden<\/b><span style=\"font-weight: 400;\"> k\u00f6nnen. So wird aus dem verglasten Raum im Handumdrehen eine gem\u00fctliche Wohlf\u00fchloase, in der Sie die Seele baumeln lassen k\u00f6nnen.<\/span><\/p>\t\t\t\t\t\t\t\t<\/div>\n\t\t\t\t<\/div>\n\t\t\t\t<div class=\"elementor-element elementor-element-4bf4d871 elementor-toc--minimized-on-none elementor-widget elementor-widget-global elementor-global-531 elementor-widget-table-of-contents\" data-id=\"4bf4d871\" data-element_type=\"widget\" data-e-type=\"widget\" data-settings=\"{&quot;headings_by_tags&quot;:[&quot;h2&quot;,&quot;h4&quot;],&quot;exclude_headings_by_selector&quot;:[],&quot;minimized_on&quot;:&quot;none&quot;,&quot;marker_view&quot;:&quot;numbers&quot;,&quot;no_headings_message&quot;:&quot;Es wurden keine \\u00dcberschriften auf dieser Seite gefunden.&quot;,&quot;minimize_box&quot;:&quot;yes&quot;,&quot;hierarchical_view&quot;:&quot;yes&quot;,&quot;min_height&quot;:{&quot;unit&quot;:&quot;px&quot;,&quot;size&quot;:&quot;&quot;,&quot;sizes&quot;:[]},&quot;min_height_tablet&quot;:{&quot;unit&quot;:&quot;px&quot;,&quot;size&quot;:&quot;&quot;,&quot;sizes&quot;:[]},&quot;min_height_mobile&quot;:{&quot;unit&quot;:&quot;px&quot;,&quot;size&quot;:&quot;&quot;,&quot;sizes&quot;:[]}}\" data-widget_type=\"table-of-contents.default\">\n\t\t\t\t<div class=\"elementor-widget-container\">\n\t\t\t\t\t\t\t\t\t<div class=\"elementor-toc__header\">\n\t\t\t\t\t\t<h4 class=\"elementor-toc__header-title\">\n\t\t\t\tInhalt des Artikels\t\t\t<\/h4>\n\t\t\t\t\t\t\t\t\t\t<div class=\"elementor-toc__toggle-button elementor-toc__toggle-button--expand\" role=\"button\" tabindex=\"0\" aria-controls=\"elementor-toc__4bf4d871\" aria-expanded=\"true\" aria-label=\"Inhaltsverzeichnis \u00f6ffnen\"><\/div>\n\t\t\t\t<div class=\"elementor-toc__toggle-button elementor-toc__toggle-button--collapse\" role=\"button\" tabindex=\"0\" aria-controls=\"elementor-toc__4bf4d871\" aria-expanded=\"true\" aria-label=\"Inhaltsverzeichnis schlie\u00dfen\"><\/div>\n\t\t\t\t\t<\/div>\n\t\t\t\t<div id=\"elementor-toc__4bf4d871\" class=\"elementor-toc__body\">\n\t\t\t<div class=\"elementor-toc__spinner-container\">\n\t\t\t\t<i class=\"elementor-toc__spinner eicon-animation-spin eicon-loading\" aria-hidden=\"true\"><\/i>\t\t\t<\/div>\n\t\t<\/div>\n\t\t\t\t\t\t<\/div>\n\t\t\t\t<\/div>\n\t\t\t\t<div class=\"elementor-element elementor-element-150f5ec0 elementor-widget elementor-widget-heading\" data-id=\"150f5ec0\" data-element_type=\"widget\" data-e-type=\"widget\" data-widget_type=\"heading.default\">\n\t\t\t\t<div class=\"elementor-widget-container\">\n\t\t\t\t\t<h2 class=\"elementor-heading-title elementor-size-default\">Die richtige Nutzung planen<\/h2>\t\t\t\t<\/div>\n\t\t\t\t<\/div>\n\t\t\t\t<div class=\"elementor-element elementor-element-28705ea6 elementor-widget elementor-widget-text-editor\" data-id=\"28705ea6\" data-element_type=\"widget\" data-e-type=\"widget\" data-widget_type=\"text-editor.default\">\n\t\t\t\t<div class=\"elementor-widget-container\">\n\t\t\t\t\t\t\t\t\t<p><span style=\"font-weight: 400;\">Bevor Sie mit der Einrichtung Ihres Wintergartens beginnen, sollten Sie sich \u00fcberlegen, <\/span><b>wie Sie den Wintergarten nutzen m\u00f6chten. <\/b><span style=\"font-weight: 400;\">Soll er als gem\u00fctlicher R\u00fcckzugsort, Essbereich oder Pflanzenoase dienen? Die Nutzung beeinflusst n\u00e4mlich die Auswahl der M\u00f6bel, Materialien und Dekorationen erheblich.<\/span><\/p>\t\t\t\t\t\t\t\t<\/div>\n\t\t\t\t<\/div>\n\t\t\t\t<div class=\"elementor-element elementor-element-3477320f elementor-widget elementor-widget-heading\" data-id=\"3477320f\" data-element_type=\"widget\" data-e-type=\"widget\" data-widget_type=\"heading.default\">\n\t\t\t\t<div class=\"elementor-widget-container\">\n\t\t\t\t\t<h3 class=\"elementor-heading-title elementor-size-default\">Wintergarten als Wohnzimmer-Erweiterung<\/h3>\t\t\t\t<\/div>\n\t\t\t\t<\/div>\n\t\t\t\t<div class=\"elementor-element elementor-element-540f76b7 elementor-widget elementor-widget-text-editor\" data-id=\"540f76b7\" data-element_type=\"widget\" data-e-type=\"widget\" data-widget_type=\"text-editor.default\">\n\t\t\t\t<div class=\"elementor-widget-container\">\n\t\t\t\t\t\t\t\t\t<p>Ein Wintergarten eignet sich hervorragend, um das <a href=\"https:\/\/moebel-fundgrube.de\/wohnzimmer\/\"><b>Wohnzimmer <\/b><\/a><b>zu erweitern<\/b> und mehr Platz zu schaffen. Setzen Sie auf gem\u00fctliche <a href=\"https:\/\/moebel-fundgrube.de\/sofas-couches\/\"><b>Sofas<\/b><\/a><b>, <a href=\"https:\/\/moebel-fundgrube.de\/sessel-hocker\/\">Sessel <\/a>und einen<\/b> <a href=\"https:\/\/moebel-fundgrube.de\/couchtische\/\"><b>Couchtisch<\/b><\/a>. Teppiche und Kissen sorgen f\u00fcr Behaglichkeit, w\u00e4hrend das viele Tageslicht den Raum einladend und freundlich macht.<\/p>\t\t\t\t\t\t\t\t<\/div>\n\t\t\t\t<\/div>\n\t\t\t\t<div class=\"elementor-element elementor-element-c149cd0 elementor-widget elementor-widget-heading\" data-id=\"c149cd0\" data-element_type=\"widget\" data-e-type=\"widget\" data-widget_type=\"heading.default\">\n\t\t\t\t<div class=\"elementor-widget-container\">\n\t\t\t\t\t<h3 class=\"elementor-heading-title elementor-size-default\">Essbereich mit viel Tageslicht<\/h3>\t\t\t\t<\/div>\n\t\t\t\t<\/div>\n\t\t\t\t<div class=\"elementor-element elementor-element-27a557e elementor-widget elementor-widget-text-editor\" data-id=\"27a557e\" data-element_type=\"widget\" data-e-type=\"widget\" data-widget_type=\"text-editor.default\">\n\t\t\t\t<div class=\"elementor-widget-container\">\n\t\t\t\t\t\t\t\t\t<p>F\u00fcr einen <a href=\"https:\/\/moebel-fundgrube.de\/esszimmer\/\"><b>Essbereich <\/b><\/a>im Wintergarten sind robuste M\u00f6bel aus Holz oder Metall ideal. Achten Sie auf <b>pflegeleichte Oberfl\u00e4chen<\/b>, da die Sonneneinstrahlung den Raum aufheizen kann. Erg\u00e4nzen Sie den Essbereich dann mit Pflanzen oder stilvollen Vorh\u00e4ngen, um f\u00fcr die n\u00f6tige Privatsph\u00e4re zu sorgen.<\/p>\t\t\t\t\t\t\t\t<\/div>\n\t\t\t\t<\/div>\n\t\t\t\t<div class=\"elementor-element elementor-element-4066bba elementor-widget elementor-widget-heading\" data-id=\"4066bba\" data-element_type=\"widget\" data-e-type=\"widget\" data-widget_type=\"heading.default\">\n\t\t\t\t<div class=\"elementor-widget-container\">\n\t\t\t\t\t<h3 class=\"elementor-heading-title elementor-size-default\">Gr\u00fcnes Pflanzenparadies<\/h3>\t\t\t\t<\/div>\n\t\t\t\t<\/div>\n\t\t\t\t<div class=\"elementor-element elementor-element-4936c62 elementor-widget elementor-widget-text-editor\" data-id=\"4936c62\" data-element_type=\"widget\" data-e-type=\"widget\" data-widget_type=\"text-editor.default\">\n\t\t\t\t<div class=\"elementor-widget-container\">\n\t\t\t\t\t\t\t\t\t<p><span style=\"font-weight: 400;\">M\u00f6chten Sie Ihren Wintergarten als gr\u00fcne Oase gestalten, w\u00e4hlen Sie am besten <\/span><b>Pflanzen, die W\u00e4rme und Licht lieben.<\/b><span style=\"font-weight: 400;\"> Gro\u00dfe K\u00fcbelpflanzen wie Palmen oder Zitrusb\u00e4ume sowie Rankpflanzen sorgen f\u00fcr ein tropisches Ambiente und geben Ihnen auch im Winter das Gef\u00fchl, im Urlaub zu sein.<\/span><\/p>\t\t\t\t\t\t\t\t<\/div>\n\t\t\t\t<\/div>\n\t\t\t\t<div class=\"elementor-element elementor-element-4ad5ba61 elementor-widget elementor-widget-heading\" data-id=\"4ad5ba61\" data-element_type=\"widget\" data-e-type=\"widget\" data-widget_type=\"heading.default\">\n\t\t\t\t<div class=\"elementor-widget-container\">\n\t\t\t\t\t<h2 class=\"elementor-heading-title elementor-size-default\">Die passenden M\u00f6bel ausw\u00e4hlen<\/h2>\t\t\t\t<\/div>\n\t\t\t\t<\/div>\n\t\t\t\t<div class=\"elementor-element elementor-element-1363ef55 elementor-widget elementor-widget-text-editor\" data-id=\"1363ef55\" data-element_type=\"widget\" data-e-type=\"widget\" data-widget_type=\"text-editor.default\">\n\t\t\t\t<div class=\"elementor-widget-container\">\n\t\t\t\t\t\t\t\t\t<p><span style=\"font-weight: 400;\">Die Wahl der M\u00f6bel spielt eine entscheidende Rolle im Hinblick auf den Komfort und Stil im Wintergarten. Da dieser <\/span><b>Raum Schwankungen bei Temperatur und Luftfeuchtigkeit<\/b><span style=\"font-weight: 400;\"> ausgesetzt sein kann, sind <\/span><b>M\u00f6bel aus wetterfesten Materialien<\/b><span style=\"font-weight: 400;\"> wie Rattan, Aluminium oder Kunststoffgeflecht ideal. Diese sind robust und pflegeleicht. F\u00fcr Flexibilit\u00e4t sorgen leichte M\u00f6bel, die Sie bei Bedarf einfach umstellen k\u00f6nnen. Klapp- oder Stapelst\u00fchle sind besonders praktisch. <\/span><b>Polsterm\u00f6bel mit abnehmbaren Bez\u00fcgen<\/b><span style=\"font-weight: 400;\"> bieten dar\u00fcber hinaus nicht nur Komfort, sondern lassen sich auch leicht reinigen. Erg\u00e4nzen Sie Ihre Einrichtung am besten mit Kissen und Decken in harmonischen Farben, die zum Rest passen.<\/span><\/p>\t\t\t\t\t\t\t\t<\/div>\n\t\t\t\t<\/div>\n\t\t\t\t<div class=\"elementor-element elementor-element-db1af8b elementor-widget elementor-widget-heading\" data-id=\"db1af8b\" data-element_type=\"widget\" data-e-type=\"widget\" data-widget_type=\"heading.default\">\n\t\t\t\t<div class=\"elementor-widget-container\">\n\t\t\t\t\t<h2 class=\"elementor-heading-title elementor-size-default\">Klimatisierung und Sonnenschutz ber\u00fccksichtigen<\/h2>\t\t\t\t<\/div>\n\t\t\t\t<\/div>\n\t\t\t\t<div class=\"elementor-element elementor-element-bec6d7a elementor-widget elementor-widget-text-editor\" data-id=\"bec6d7a\" data-element_type=\"widget\" data-e-type=\"widget\" data-widget_type=\"text-editor.default\">\n\t\t\t\t<div class=\"elementor-widget-container\">\n\t\t\t\t\t\t\t\t\t<p><span style=\"font-weight: 400;\">Ein Wintergarten kann sich je nach Wetterlage schnell aufheizen oder abk\u00fchlen. Die richtige Klimatisierung ist aus diesem Grund essenziell. Hierf\u00fcr gibt es verschiedene Optionen und M\u00f6glichkeiten, den <\/span><b>Raum angenehm temperiert zu halten.<\/b><\/p>\t\t\t\t\t\t\t\t<\/div>\n\t\t\t\t<\/div>\n\t\t\t\t<div class=\"elementor-element elementor-element-66b3fd71 elementor-widget elementor-widget-heading\" data-id=\"66b3fd71\" data-element_type=\"widget\" data-e-type=\"widget\" data-widget_type=\"heading.default\">\n\t\t\t\t<div class=\"elementor-widget-container\">\n\t\t\t\t\t<h3 class=\"elementor-heading-title elementor-size-default\">Sonnenschutz<\/h3>\t\t\t\t<\/div>\n\t\t\t\t<\/div>\n\t\t\t\t<div class=\"elementor-element elementor-element-590b8f9d elementor-widget elementor-widget-text-editor\" data-id=\"590b8f9d\" data-element_type=\"widget\" data-e-type=\"widget\" data-widget_type=\"text-editor.default\">\n\t\t\t\t<div class=\"elementor-widget-container\">\n\t\t\t\t\t\t\t\t\t<p><b>Plissees, Rollos oder Jalousien<\/b><span style=\"font-weight: 400;\"> sch\u00fctzen vor intensiver Sonneneinstrahlung und regulieren die Raumtemperatur. W\u00e4hlen Sie nach M\u00f6glichkeit Modelle, die <\/span><b>UV-Strahlen abhalten<\/b><span style=\"font-weight: 400;\">, ohne das Tageslicht komplett auszuschlie\u00dfen.<\/span><\/p>\t\t\t\t\t\t\t\t<\/div>\n\t\t\t\t<\/div>\n\t\t\t\t<div class=\"elementor-element elementor-element-5ac183f elementor-widget elementor-widget-heading\" data-id=\"5ac183f\" data-element_type=\"widget\" data-e-type=\"widget\" data-widget_type=\"heading.default\">\n\t\t\t\t<div class=\"elementor-widget-container\">\n\t\t\t\t\t<h3 class=\"elementor-heading-title elementor-size-default\">Bel\u00fcftungssysteme<\/h3>\t\t\t\t<\/div>\n\t\t\t\t<\/div>\n\t\t\t\t<div class=\"elementor-element elementor-element-ad9a4e0 elementor-widget elementor-widget-text-editor\" data-id=\"ad9a4e0\" data-element_type=\"widget\" data-e-type=\"widget\" data-widget_type=\"text-editor.default\">\n\t\t\t\t<div class=\"elementor-widget-container\">\n\t\t\t\t\t\t\t\t\t<p><span style=\"font-weight: 400;\">Ein gutes <\/span><b>Bel\u00fcftungssystem <\/b><span style=\"font-weight: 400;\">sorgt f\u00fcr Frischluft und verhindert eine \u00dcberhitzung. Setzen Sie auf Fenster mit Kippfunktion oder Dachfenster, die f\u00fcr einen Luftaustausch sorgen. Dies ist insbesondere in den w\u00e4rmeren Monaten wichtig.<\/span><\/p>\t\t\t\t\t\t\t\t<\/div>\n\t\t\t\t<\/div>\n\t\t\t\t<div class=\"elementor-element elementor-element-bec6f45 elementor-widget elementor-widget-heading\" data-id=\"bec6f45\" data-element_type=\"widget\" data-e-type=\"widget\" data-widget_type=\"heading.default\">\n\t\t\t\t<div class=\"elementor-widget-container\">\n\t\t\t\t\t<h3 class=\"elementor-heading-title elementor-size-default\">Heizung<\/h3>\t\t\t\t<\/div>\n\t\t\t\t<\/div>\n\t\t\t\t<div class=\"elementor-element elementor-element-fb058f4 elementor-widget elementor-widget-text-editor\" data-id=\"fb058f4\" data-element_type=\"widget\" data-e-type=\"widget\" data-widget_type=\"text-editor.default\">\n\t\t\t\t<div class=\"elementor-widget-container\">\n\t\t\t\t\t\t\t\t\t<p><span style=\"font-weight: 400;\">F\u00fcr die Nutzung im Winter sollten Sie eine <\/span><b>Heizm\u00f6glichkeit<\/b><span style=\"font-weight: 400;\"> einplanen, da das Sonnenlicht allein daf\u00fcr nicht immer ausreicht. Elektrische Heizk\u00f6rper, Fu\u00dfbodenheizungen oder sogar ein Kaminofen halten den Wintergarten warm.<\/span><\/p>\t\t\t\t\t\t\t\t<\/div>\n\t\t\t\t<\/div>\n\t\t\t\t<div class=\"elementor-element elementor-element-b4d0933 elementor-widget elementor-widget-heading\" data-id=\"b4d0933\" data-element_type=\"widget\" data-e-type=\"widget\" data-widget_type=\"heading.default\">\n\t\t\t\t<div class=\"elementor-widget-container\">\n\t\t\t\t\t<h2 class=\"elementor-heading-title elementor-size-default\">Passende Farben und Dekorationen w\u00e4hlen<\/h2>\t\t\t\t<\/div>\n\t\t\t\t<\/div>\n\t\t\t\t<div class=\"elementor-element elementor-element-e5770bf elementor-widget elementor-widget-text-editor\" data-id=\"e5770bf\" data-element_type=\"widget\" data-e-type=\"widget\" data-widget_type=\"text-editor.default\">\n\t\t\t\t<div class=\"elementor-widget-container\">\n\t\t\t\t\t\t\t\t\t<p><span style=\"font-weight: 400;\">Die<\/span><b> Gestaltung eines Wintergartens<\/b><span style=\"font-weight: 400;\"> lebt von Farben und Accessoires, die das Lichtspiel unterstreichen und f\u00fcr das ganz pers\u00f6nliche Wohlf\u00fchlambiente sorgen. Setzen Sie am besten auf ein einheitliches Farbkonzept. <\/span><b>Nat\u00fcrliche Farben <\/b><span style=\"font-weight: 400;\">wie Beige oder Wei\u00df harmonieren perfekt mit dem Glas und den Pflanzen. Wenn Sie Farbakzente setzen m\u00f6chten, w\u00e4hlen Sie Kissen, Teppiche oder Vasen in kr\u00e4ftigen T\u00f6nen wie Blau, Gr\u00fcn oder Terracotta. Hinsichtlich der passenden Dekoration, k\u00f6nnen Sie sich f\u00fcr dekorative Elemente entscheiden, die den nat\u00fcrlichen Charakter des Wintergartens betonen. K\u00f6rbe, Kerzenhalter oder Skulpturen aus Holz oder Metall sorgen beispielsweise f\u00fcr eine wohnliche Atmosph\u00e4re. Eine<\/span><b> stimmungsvolle Beleuchtung<\/b><span style=\"font-weight: 400;\"> ist ebenfalls besonders wichtig, um den Wintergarten auch abends bzw., wenn es dunkel wird, nutzen zu k\u00f6nnen. H\u00e4ngeleuchten, LED-Strips oder Laternen sorgen f\u00fcr eine gem\u00fctliche Stimmung.<\/span><\/p>\t\t\t\t\t\t\t\t<\/div>\n\t\t\t\t<\/div>\n\t\t\t\t<div class=\"elementor-element elementor-element-71a6cecb elementor-widget elementor-widget-heading\" data-id=\"71a6cecb\" data-element_type=\"widget\" data-e-type=\"widget\" data-widget_type=\"heading.default\">\n\t\t\t\t<div class=\"elementor-widget-container\">\n\t\t\t\t\t<h2 class=\"elementor-heading-title elementor-size-default\">Passen Sie den Wintergarten an den Stil des Hauses an<\/h2>\t\t\t\t<\/div>\n\t\t\t\t<\/div>\n\t\t\t\t<div class=\"elementor-element elementor-element-11bd028d elementor-widget elementor-widget-text-editor\" data-id=\"11bd028d\" data-element_type=\"widget\" data-e-type=\"widget\" data-widget_type=\"text-editor.default\">\n\t\t\t\t<div class=\"elementor-widget-container\">\n\t\t\t\t\t\t\t\t\t<p><span style=\"font-weight: 400;\">Ihr <\/span><b>Wintergarten sollte harmonisch mit dem Stil Ihres Hauses und der Inneneinrichtung zusammenpassen,<\/b><span style=\"font-weight: 400;\"> damit alles einheitlich und stimmungsvoll wirkt. Minimalistische M\u00f6bel und klare Linien passen z.B. zu einem modernen Wohnstil und Wintergarten. Kombinieren Sie Glas mit Metall und setzen Sie auf neutrale Farben. Ist Ihr Zuhause im Landhausstil eingerichtet, sind dagegen Materialien wie Holz, gem\u00fctliche Polsterm\u00f6bel und florale Muster ideal. Erg\u00e4nzen Sie den Look au\u00dferdem mit rustikalen Accessoires. F\u00fcr einen mediterranen Stil k\u00f6nnen Sie mit Terrakottafliesen, Rattanm\u00f6beln und Pflanzen wie Olivenb\u00e4umen oder Lavendel ein mediterranes Ambiente zaubern. Warme Farben wie Gelb, Orange oder Rot runden den Stil ab.<\/span><\/p>\t\t\t\t\t\t\t\t<\/div>\n\t\t\t\t<\/div>\n\t\t\t\t<div class=\"elementor-element elementor-element-a23a8aa elementor-widget elementor-widget-heading\" data-id=\"a23a8aa\" data-element_type=\"widget\" data-e-type=\"widget\" data-widget_type=\"heading.default\">\n\t\t\t\t<div class=\"elementor-widget-container\">\n\t\t\t\t\t<h2 class=\"elementor-heading-title elementor-size-default\">Den Wintergarten pflegeleicht und langlebig einrichten<\/h2>\t\t\t\t<\/div>\n\t\t\t\t<\/div>\n\t\t\t\t<div class=\"elementor-element elementor-element-8732aaf elementor-widget elementor-widget-text-editor\" data-id=\"8732aaf\" data-element_type=\"widget\" data-e-type=\"widget\" data-widget_type=\"text-editor.default\">\n\t\t\t\t<div class=\"elementor-widget-container\">\n\t\t\t\t\t\t\t\t\t<p><span style=\"font-weight: 400;\">Ein Wintergarten erfordert nicht nur aufgrund der gro\u00dfen Glasfronten, die leicht verschmutzen, eine regelm\u00e4\u00dfige Pflege. W\u00e4hlen Sie aus diesem Grund <\/span><b>Materialien f\u00fcr M\u00f6bel und Deko-Accessoires, die sich leicht reinigen lassen. <\/b><span style=\"font-weight: 400;\">Entscheiden Sie sich nach M\u00f6glichkeit f\u00fcr pflegeleichte B\u00f6den wie Fliesen, Vinyl oder Laminat. Diese sind unempfindlich gegen\u00fcber Feuchtigkeit und lassen sich leicht reinigen. <\/span><b>M\u00f6bel mit abwaschbaren Oberfl\u00e4chen oder abnehmbaren Bez\u00fcgen erleichtern die Reinigung<\/b><span style=\"font-weight: 400;\"> ebenfalls und verl\u00e4ngern die Lebensdauer. Achten Sie auch darauf, dass die Pflanzen im Wintergarten immer ausreichend Wasser und Licht haben und gie\u00dfen Sie diese in regelm\u00e4\u00dfigen Abst\u00e4nden. Automatische Bew\u00e4sserungssysteme k\u00f6nnen den Pflegeaufwand erheblich reduzieren.<\/span><\/p>\t\t\t\t\t\t\t\t<\/div>\n\t\t\t\t<\/div>\n\t\t\t\t<div class=\"elementor-element elementor-element-7767290 elementor-widget elementor-widget-heading\" data-id=\"7767290\" data-element_type=\"widget\" data-e-type=\"widget\" data-widget_type=\"heading.default\">\n\t\t\t\t<div class=\"elementor-widget-container\">\n\t\t\t\t\t<h2 class=\"elementor-heading-title elementor-size-default\">Praktische und stilvolle Wohnraum-Erweiterung durch den Wintergarten<\/h2>\t\t\t\t<\/div>\n\t\t\t\t<\/div>\n\t\t\t\t<div class=\"elementor-element elementor-element-d3cb687 elementor-widget elementor-widget-text-editor\" data-id=\"d3cb687\" data-element_type=\"widget\" data-e-type=\"widget\" data-widget_type=\"text-editor.default\">\n\t\t\t\t<div class=\"elementor-widget-container\">\n\t\t\t\t\t\t\t\t\t<p><span style=\"font-weight: 400;\">Ein <\/span><b>Wintergarten<\/b><span style=\"font-weight: 400;\"> bietet Ihnen unz\u00e4hlige M\u00f6glichkeiten, f\u00fcr <\/span><b>zus\u00e4tzlichen Wohnraum<\/b><span style=\"font-weight: 400;\"> zu sorgen und diesen ansprechend zu gestalten. Mit einer durchdachten Planung, der passenden M\u00f6belauswahl und einem stimmigen Einrichtungsstil schaffen Sie einen Ort, der das ganze Jahr \u00fcber genutzt werden kann.<\/span><\/p>\t\t\t\t\t\t\t\t<\/div>\n\t\t\t\t<\/div>\n\t\t\t\t\t<\/div>\n\t\t<\/div>\n\t\t\t\t\t<\/div>\n\t\t<\/section>\n\t\t\t\t<section class=\"elementor-section elementor-top-section elementor-element elementor-element-3f1351f3 elementor-section-boxed elementor-section-height-default elementor-section-height-default\" data-id=\"3f1351f3\" data-element_type=\"section\" data-e-type=\"section\" data-settings=\"{&quot;background_background&quot;:&quot;classic&quot;}\">\n\t\t\t\t\t\t<div class=\"elementor-container elementor-column-gap-default\">\n\t\t\t\t\t<div class=\"elementor-column elementor-col-100 elementor-top-column elementor-element elementor-element-1b839068\" data-id=\"1b839068\" data-element_type=\"column\" data-e-type=\"column\">\n\t\t\t<div class=\"elementor-widget-wrap elementor-element-populated\">\n\t\t\t\t\t\t<div class=\"elementor-element elementor-element-7eb42d55 elementor-widget elementor-widget-text-editor\" data-id=\"7eb42d55\" data-element_type=\"widget\" data-e-type=\"widget\" data-widget_type=\"text-editor.default\">\n\t\t\t\t<div class=\"elementor-widget-container\">\n\t\t\t\t\t\t\t\t\t<p>Bildnachweis: \u00a9 <span class=\"MuiBox-root mui-16qd35q-centeredContent-avatarContainer\"><span class=\"MuiTypography-root MuiTypography-body1 mui-r4n38m-contributorLabel-linkAvatarLabel\">kronos_arquitecture<\/span><\/span>\/Shutterstock.com<\/p>\t\t\t\t\t\t\t\t<\/div>\n\t\t\t\t<\/div>\n\t\t\t\t\t<\/div>\n\t\t<\/div>\n\t\t\t\t\t<\/div>\n\t\t<\/section>\n\t\t\t\t<section class=\"elementor-section elementor-top-section elementor-element elementor-element-1c6f47a5 elementor-section-full_width elementor-section-height-default elementor-section-height-default\" data-id=\"1c6f47a5\" data-element_type=\"section\" data-e-type=\"section\" data-settings=\"{&quot;background_background&quot;:&quot;classic&quot;}\">\n\t\t\t\t\t\t<div class=\"elementor-container elementor-column-gap-default\">\n\t\t\t\t\t<div class=\"elementor-column elementor-col-100 elementor-top-column elementor-element elementor-element-75285dab db-profitipp-width\" data-id=\"75285dab\" data-element_type=\"column\" data-e-type=\"column\">\n\t\t\t<div class=\"elementor-widget-wrap elementor-element-populated\">\n\t\t\t\t\t\t<section class=\"elementor-section elementor-inner-section elementor-element elementor-element-5389b954 elementor-section-boxed elementor-section-height-default elementor-section-height-default\" data-id=\"5389b954\" data-element_type=\"section\" data-e-type=\"section\">\n\t\t\t\t\t\t<div class=\"elementor-container elementor-column-gap-default\">\n\t\t\t\t\t<div class=\"elementor-column elementor-col-100 elementor-inner-column elementor-element elementor-element-4589fa96 db-profitipp-inner\" data-id=\"4589fa96\" data-element_type=\"column\" data-e-type=\"column\" data-settings=\"{&quot;background_background&quot;:&quot;classic&quot;}\">\n\t\t\t<div class=\"elementor-widget-wrap elementor-element-populated\">\n\t\t\t\t\t\t<div class=\"elementor-element elementor-element-42630775 elementor-widget elementor-widget-spacer\" data-id=\"42630775\" data-element_type=\"widget\" data-e-type=\"widget\" data-widget_type=\"spacer.default\">\n\t\t\t\t<div class=\"elementor-widget-container\">\n\t\t\t\t\t\t\t<div class=\"elementor-spacer\">\n\t\t\t<div class=\"elementor-spacer-inner\"><\/div>\n\t\t<\/div>\n\t\t\t\t\t\t<\/div>\n\t\t\t\t<\/div>\n\t\t\t\t<div class=\"elementor-element elementor-element-7a1357a5 elementor-widget elementor-widget-heading\" data-id=\"7a1357a5\" data-element_type=\"widget\" data-e-type=\"widget\" data-widget_type=\"heading.default\">\n\t\t\t\t<div class=\"elementor-widget-container\">\n\t\t\t\t\t<h4 class=\"elementor-heading-title elementor-size-default\">Tipp vom Tief-Preis-Profi<\/h4>\t\t\t\t<\/div>\n\t\t\t\t<\/div>\n\t\t\t\t<div class=\"elementor-element elementor-element-3dc9ae75 elementor-widget elementor-widget-text-editor\" data-id=\"3dc9ae75\" data-element_type=\"widget\" data-e-type=\"widget\" data-widget_type=\"text-editor.default\">\n\t\t\t\t<div class=\"elementor-widget-container\">\n\t\t\t\t\t\t\t\t\t<p><span style=\"font-weight: 400;\">Ber\u00fccksichtigen Sie bei der Gestaltung Ihres Wintergartens auch praktische Aspekte wie die Klimatisierung und den Pflegeaufwand von M\u00f6beln und Co., um langfristig Freude an Ihrem verglasten Wohnzimmer zu haben.<\/span><\/p>\t\t\t\t\t\t\t\t<\/div>\n\t\t\t\t<\/div>\n\t\t\t\t\t<\/div>\n\t\t<\/div>\n\t\t\t\t\t<\/div>\n\t\t<\/section>\n\t\t\t\t\t<\/div>\n\t\t<\/div>\n\t\t\t\t\t<\/div>\n\t\t<\/section>\n\t\t\t\t<\/div>\n\t\t","protected":false},"excerpt":{"rendered":"<p>Ein Wintergarten ist mehr als nur ein Anbau aus Glas am Haus, in dem Sie die Sonne ohne zu frieren auch in den kalten Monaten genie\u00dfen k\u00f6nnen. Er erweitert dar\u00fcber hinaus Ihren Wohnraum, sorgt f\u00fcr mehr Platz und schafft dabei eine Verbindung zur Natur. Die Gestaltung dieses lichtdurchfluteten Raums erfordert jedoch eine durchdachte Planung, damit [&hellip;]<\/p>\n","protected":false},"author":1,"featured_media":4303,"comment_status":"closed","ping_status":"open","sticky":false,"template":"","format":"standard","meta":{"footnotes":""},"categories":[1],"tags":[],"class_list":["post-4295","post","type-post","status-publish","format-standard","has-post-thumbnail","hentry","category-wohnideen-uebersicht"],"_links":{"self":[{"href":"https:\/\/moebel-fundgrube.de\/ratgeber\/wp-json\/wp\/v2\/posts\/4295","targetHints":{"allow":["GET"]}}],"collection":[{"href":"https:\/\/moebel-fundgrube.de\/ratgeber\/wp-json\/wp\/v2\/posts"}],"about":[{"href":"https:\/\/moebel-fundgrube.de\/ratgeber\/wp-json\/wp\/v2\/types\/post"}],"author":[{"embeddable":true,"href":"https:\/\/moebel-fundgrube.de\/ratgeber\/wp-json\/wp\/v2\/users\/1"}],"replies":[{"embeddable":true,"href":"https:\/\/moebel-fundgrube.de\/ratgeber\/wp-json\/wp\/v2\/comments?post=4295"}],"version-history":[{"count":14,"href":"https:\/\/moebel-fundgrube.de\/ratgeber\/wp-json\/wp\/v2\/posts\/4295\/revisions"}],"predecessor-version":[{"id":4331,"href":"https:\/\/moebel-fundgrube.de\/ratgeber\/wp-json\/wp\/v2\/posts\/4295\/revisions\/4331"}],"wp:featuredmedia":[{"embeddable":true,"href":"https:\/\/moebel-fundgrube.de\/ratgeber\/wp-json\/wp\/v2\/media\/4303"}],"wp:attachment":[{"href":"https:\/\/moebel-fundgrube.de\/ratgeber\/wp-json\/wp\/v2\/media?parent=4295"}],"wp:term":[{"taxonomy":"category","embeddable":true,"href":"https:\/\/moebel-fundgrube.de\/ratgeber\/wp-json\/wp\/v2\/categories?post=4295"},{"taxonomy":"post_tag","embeddable":true,"href":"https:\/\/moebel-fundgrube.de\/ratgeber\/wp-json\/wp\/v2\/tags?post=4295"}],"curies":[{"name":"wp","href":"https:\/\/api.w.org\/{rel}","templated":true}]}}